{"id":3775,"date":"2026-04-27T23:15:17","date_gmt":"2026-04-28T03:15:17","guid":{"rendered":"https:\/\/www.chileunido.cl\/?p=3775"},"modified":"2026-04-27T23:21:00","modified_gmt":"2026-04-28T03:21:00","slug":"premiacion-mejores-organizaciones-para-integrar-vida-personal-y-trabajo-2","status":"publish","type":"post","link":"https:\/\/www.chileunido.cl\/?p=3775","title":{"rendered":"PREMIACI\u00d3N MEJORES ORGANIZACIONES PARA INTEGRAR VIDA PERSONAL Y TRABAJO"},"content":{"rendered":"\n<p>Fundaci\u00f3n Chile Unido y El Mercurio celebraron una nueva versi\u00f3n de la premiaci\u00f3n de las&nbsp;\u201cMejores Organizaciones para Integrar Vida Personal y Trabajo\u201d,&nbsp;<strong>reconociendo a 30 organizaciones \u201422 destacadas&nbsp;como las Mejores Organizaciones&nbsp;en sus distintas categor\u00edas&nbsp;y 8 con Sello de Distinci\u00f3n\u2014 por sus resultados en el Estudio 2025.<\/strong>&nbsp;<\/p>\n\n\n\n<p>Este reconocimiento, que&nbsp;cumpli\u00f3&nbsp;23 a\u00f1os, busca visibilizar a aquellas organizaciones que han decidido&nbsp;ir a la vanguardia en la promoci\u00f3n de&nbsp;culturas laborales centradas en las personas,&nbsp;facilitando&nbsp;as\u00ed&nbsp;la conciliaci\u00f3n entre la vida personal, familiar y laboral.&nbsp;<\/p>\n\n\n<div class=\"wp-block-image\">\n<figure class=\"aligncenter size-large is-resized\"><img loading=\"lazy\" decoding=\"async\" width=\"1024\" height=\"726\" src=\"https:\/\/www.chileunido.cl\/wp-content\/uploads\/2026\/04\/Foto-Interior-1-Carolina-Jimenez-1024x726.png\" alt=\"\" class=\"wp-image-3784\" style=\"width:525px;height:auto\" srcset=\"https:\/\/www.chileunido.cl\/wp-content\/uploads\/2026\/04\/Foto-Interior-1-Carolina-Jimenez-1024x726.png 1024w, https:\/\/www.chileunido.cl\/wp-content\/uploads\/2026\/04\/Foto-Interior-1-Carolina-Jimenez-300x213.png 300w, https:\/\/www.chileunido.cl\/wp-content\/uploads\/2026\/04\/Foto-Interior-1-Carolina-Jimenez-768x545.png 768w, https:\/\/www.chileunido.cl\/wp-content\/uploads\/2026\/04\/Foto-Interior-1-Carolina-Jimenez-206x146.png 206w, https:\/\/www.chileunido.cl\/wp-content\/uploads\/2026\/04\/Foto-Interior-1-Carolina-Jimenez-50x35.png 50w, https:\/\/www.chileunido.cl\/wp-content\/uploads\/2026\/04\/Foto-Interior-1-Carolina-Jimenez-106x75.png 106w, https:\/\/www.chileunido.cl\/wp-content\/uploads\/2026\/04\/Foto-Interior-1-Carolina-Jimenez.png 1093w\" sizes=\"auto, (max-width: 1024px) 100vw, 1024px\" \/><figcaption class=\"wp-element-caption\"><strong>Carolina Jim\u00e9nez en la conducci\u00f3n de la premiaci\u00f3n&nbsp;<\/strong><\/figcaption><\/figure><\/div>\n\n\n<p>La ceremonia, realizada el jueves 16 de abril en las dependencias de El Mercurio, fue conducida por la&nbsp;<strong>periodista Carolina Jim\u00e9nez y&nbsp;cont\u00f3 con la presencia de&nbsp;destacadas autoridades del mundo p\u00fablico y gremial, entre ellas el Presidente de la C\u00e1mara de Diputadas y Diputados, Jorge Alessandri; la Ministra de Desarrollo Social y Familia, Mar\u00eda Jes\u00fas&nbsp;Wulf; el Ministro de Transportes y Telecomunicaciones, Louis de&nbsp;Grange; la Ministra de la Mujer y Equidad de G\u00e9nero, Judith Mar\u00edn; y el Subsecretario del Trabajo, Gustavo Rosende. Asimismo, participaron representantes del mundo gremial, como Rosario Navarro, presidenta de SOFOFA; Jorge Riesco, presidente de SONAMI; y Jos\u00e9&nbsp;Pakomio, presidente de la C\u00e1mara Nacional de Comercio, junto a autoridades de El Mercurio y Fundaci\u00f3n Chile Unido.<\/strong>&nbsp;<\/p>\n\n\n<div class=\"wp-block-image\">\n<figure class=\"aligncenter size-full is-resized\"><img loading=\"lazy\" decoding=\"async\" width=\"874\" height=\"620\" src=\"https:\/\/www.chileunido.cl\/wp-content\/uploads\/2026\/04\/Foto-interior-2-Autoridades.png\" alt=\"\" class=\"wp-image-3777\" style=\"width:536px;height:auto\" srcset=\"https:\/\/www.chileunido.cl\/wp-content\/uploads\/2026\/04\/Foto-interior-2-Autoridades.png 874w, https:\/\/www.chileunido.cl\/wp-content\/uploads\/2026\/04\/Foto-interior-2-Autoridades-300x213.png 300w, https:\/\/www.chileunido.cl\/wp-content\/uploads\/2026\/04\/Foto-interior-2-Autoridades-768x545.png 768w, https:\/\/www.chileunido.cl\/wp-content\/uploads\/2026\/04\/Foto-interior-2-Autoridades-206x146.png 206w, https:\/\/www.chileunido.cl\/wp-content\/uploads\/2026\/04\/Foto-interior-2-Autoridades-50x35.png 50w, https:\/\/www.chileunido.cl\/wp-content\/uploads\/2026\/04\/Foto-interior-2-Autoridades-106x75.png 106w\" sizes=\"auto, (max-width: 874px) 100vw, 874px\" \/><figcaption class=\"wp-element-caption\"><strong>Cristi\u00e1n Edwards, el&nbsp;diputado Jorge Alessandri, la&nbsp;Ministra&nbsp;Mar\u00eda Jes\u00fas&nbsp;Wulf, nuestro&nbsp;Presidente, Heriberto Urz\u00faa, Agust\u00edn Edwards, Carlos Schaerer, Ver\u00f3nica Hoffmann y el&nbsp;Ministro&nbsp;Louis&nbsp;De&nbsp;Grange, durante la ceremonia.&nbsp;<\/strong>&nbsp;<\/figcaption><\/figure><\/div>\n\n\n<p><strong>Una convicci\u00f3n que se consolida en el tiempo<\/strong>&nbsp;<\/p>\n\n\n\n<p>En la instancia, el&nbsp;<strong>Presidente&nbsp;de Fundaci\u00f3n Chile Unido, Heriberto Urz\u00faa<\/strong>, destac\u00f3 el sentido profundo de este trabajo sostenido en el tiempo:&nbsp;<em>\u201cLa integraci\u00f3n de la vida personal y el trabajo permite a las personas realizarse en su \u00e1mbito laboral, conciliar con sus proyectos personales y familiares, y alcanzar un mayor bienestar, al mismo tiempo que fortalece a las organizaciones y su aporte a la sociedad\u201d.<\/em>&nbsp;<\/p>\n\n\n\n<p>Asimismo, enfatiz\u00f3 que&nbsp;<em>\u201clas organizaciones reconocidas hoy,&nbsp;demuestran que la conciliaci\u00f3n no es un beneficio accesorio, sino una forma de gesti\u00f3n que impacta directamente en el compromiso, la confianza y la pertenencia de las personas\u201d.<\/em>&nbsp;<\/p>\n\n\n\n<p>Por su parte, el&nbsp;<strong>director de El Mercurio, Carlos Schaerer,<\/strong>&nbsp;relev\u00f3 el rol de visibilizar estas buenas pr\u00e1cticas:&nbsp;<em>\u201cDifundir las mejores pr\u00e1cticas y medidas que impulsan las empresas para facilitar la conciliaci\u00f3n de la vida personal y laboral de sus colaboradores es parte de nuestra vocaci\u00f3n editorial. Dar cuenta de ese esfuerzo fortalece nuestra convivencia y contribuye a crear ese pa\u00eds que todos anhelamos\u201d.<\/em>&nbsp;<\/p>\n\n\n\n<figure class=\"wp-block-gallery has-nested-images columns-default is-cropped wp-block-gallery-1 is-layout-flex wp-block-gallery-is-layout-flex\">\n<figure class=\"wp-block-image size-large\"><img loading=\"lazy\" decoding=\"async\" width=\"874\" height=\"620\" data-id=\"3778\" src=\"https:\/\/www.chileunido.cl\/wp-content\/uploads\/2026\/04\/Foto-interior-3-Heriberto.png\" alt=\"\" class=\"wp-image-3778\" srcset=\"https:\/\/www.chileunido.cl\/wp-content\/uploads\/2026\/04\/Foto-interior-3-Heriberto.png 874w, https:\/\/www.chileunido.cl\/wp-content\/uploads\/2026\/04\/Foto-interior-3-Heriberto-300x213.png 300w, https:\/\/www.chileunido.cl\/wp-content\/uploads\/2026\/04\/Foto-interior-3-Heriberto-768x545.png 768w, https:\/\/www.chileunido.cl\/wp-content\/uploads\/2026\/04\/Foto-interior-3-Heriberto-206x146.png 206w, https:\/\/www.chileunido.cl\/wp-content\/uploads\/2026\/04\/Foto-interior-3-Heriberto-50x35.png 50w, https:\/\/www.chileunido.cl\/wp-content\/uploads\/2026\/04\/Foto-interior-3-Heriberto-106x75.png 106w\" sizes=\"auto, (max-width: 874px) 100vw, 874px\" \/><figcaption class=\"wp-element-caption\"><strong>Heriberto Urz\u00faa,&nbsp;Presidente&nbsp;de Fundaci\u00f3n Chile Unido&nbsp;<\/strong>&nbsp;&nbsp;<\/figcaption><\/figure>\n\n\n\n<figure class=\"wp-block-image size-large\"><img loading=\"lazy\" decoding=\"async\" width=\"874\" height=\"620\" data-id=\"3779\" src=\"https:\/\/www.chileunido.cl\/wp-content\/uploads\/2026\/04\/Foto-interior-4-Carlos.png\" alt=\"\" class=\"wp-image-3779\" srcset=\"https:\/\/www.chileunido.cl\/wp-content\/uploads\/2026\/04\/Foto-interior-4-Carlos.png 874w, https:\/\/www.chileunido.cl\/wp-content\/uploads\/2026\/04\/Foto-interior-4-Carlos-300x213.png 300w, https:\/\/www.chileunido.cl\/wp-content\/uploads\/2026\/04\/Foto-interior-4-Carlos-768x545.png 768w, https:\/\/www.chileunido.cl\/wp-content\/uploads\/2026\/04\/Foto-interior-4-Carlos-206x146.png 206w, https:\/\/www.chileunido.cl\/wp-content\/uploads\/2026\/04\/Foto-interior-4-Carlos-50x35.png 50w, https:\/\/www.chileunido.cl\/wp-content\/uploads\/2026\/04\/Foto-interior-4-Carlos-106x75.png 106w\" sizes=\"auto, (max-width: 874px) 100vw, 874px\" \/><figcaption class=\"wp-element-caption\"><strong> Carlos Schaerer,&nbsp;Director&nbsp;de El Mercurio&nbsp;<\/strong><\/figcaption><\/figure>\n<\/figure>\n\n\n\n<p><\/p>\n\n\n\n<p><strong>Organizaciones que&nbsp;lo est\u00e1n haciendo bien, y las premiamos<\/strong>&nbsp;<\/p>\n\n\n\n<p>Esta versi\u00f3n del Estudio recogi\u00f3 la opini\u00f3n de&nbsp;<strong>m\u00e1s de 16.300 trabajadores&nbsp;de empresas privadas y organismos p\u00fablicos,&nbsp;en representaci\u00f3n de&nbsp;m\u00e1s de 64.300 colaboradores a nivel nacional.<\/strong>&nbsp;A lo largo de su trayectoria, m\u00e1s de 550 organizaciones han participado en este estudio, consolid\u00e1ndolo como un referente en materia de conciliaci\u00f3n.&nbsp;<\/p>\n\n\n\n<p>Fueron 30 las organizaciones reconocidas en esta versi\u00f3n del Estudio, 22 como las Mejores Organizaciones en las cuatro categor\u00edas del ranking y 8 con Sello de Distinci\u00f3n, destacando por su compromiso con la integraci\u00f3n de la vida personal, familiar y laboral.&nbsp;<\/p>\n\n\n\n<p><strong>En la categor\u00eda Grandes Corporaciones,<\/strong>&nbsp;que re\u00fane a organizaciones con m\u00e1s de 1.000 trabajadores,&nbsp;<strong>el primer lugar lo obtuvo Bci,&nbsp;<\/strong>cuyo reconocimiento fue recibido por&nbsp;su&nbsp;Presidente, Ignacio Yarur y Pablo&nbsp;Jullian, Gerente Corporativo de Gesti\u00f3n de Personas;&nbsp;de manos de&nbsp;la&nbsp;Ministra&nbsp;de Desarrollo Social y Familia, Mar\u00eda Jes\u00fas&nbsp;Wulf, el&nbsp;Presidente&nbsp;de Fundaci\u00f3n Chile Unido, Heriberto Urz\u00faa y el&nbsp;Presidente&nbsp;de El Mercurio, Cristi\u00e1n Edwards.&nbsp;&nbsp;<\/p>\n\n\n<div class=\"wp-block-image\">\n<figure class=\"aligncenter size-full is-resized\"><img loading=\"lazy\" decoding=\"async\" width=\"874\" height=\"620\" src=\"https:\/\/www.chileunido.cl\/wp-content\/uploads\/2026\/04\/Foto-interior-5-1-lugar-Grandes-Corporaciones.png\" alt=\"\" class=\"wp-image-3780\" style=\"width:584px;height:auto\" srcset=\"https:\/\/www.chileunido.cl\/wp-content\/uploads\/2026\/04\/Foto-interior-5-1-lugar-Grandes-Corporaciones.png 874w, https:\/\/www.chileunido.cl\/wp-content\/uploads\/2026\/04\/Foto-interior-5-1-lugar-Grandes-Corporaciones-300x213.png 300w, https:\/\/www.chileunido.cl\/wp-content\/uploads\/2026\/04\/Foto-interior-5-1-lugar-Grandes-Corporaciones-768x545.png 768w, https:\/\/www.chileunido.cl\/wp-content\/uploads\/2026\/04\/Foto-interior-5-1-lugar-Grandes-Corporaciones-206x146.png 206w, https:\/\/www.chileunido.cl\/wp-content\/uploads\/2026\/04\/Foto-interior-5-1-lugar-Grandes-Corporaciones-50x35.png 50w, https:\/\/www.chileunido.cl\/wp-content\/uploads\/2026\/04\/Foto-interior-5-1-lugar-Grandes-Corporaciones-106x75.png 106w\" sizes=\"auto, (max-width: 874px) 100vw, 874px\" \/><figcaption class=\"wp-element-caption\"><strong>Primer Lugar Grandes Corporaciones: Bci&nbsp;<\/strong><\/figcaption><\/figure><\/div>\n\n\n<p>El segundo lugar fue para Coopeuch, mientras que el tercer lugar lo alcanz\u00f3 Nestl\u00e9 Chile.&nbsp;A continuaci\u00f3n, integraron el ranking Universidad Cat\u00f3lica&nbsp;De&nbsp;La&nbsp;Sant\u00edsima Concepci\u00f3n (4\u00b0), Scotiabank Chile (5\u00b0),&nbsp;Essbio&nbsp;y&nbsp;Nuevosur&nbsp;(6\u00b0), Grupo BancoEstado (7\u00b0), Los H\u00e9roes Caja de Compensaci\u00f3n (8\u00b0),&nbsp;Gtd&nbsp;(9\u00b0) y Bci Seguros (10\u00b0).&nbsp;<\/p>\n\n\n\n<p><strong>En la categor\u00eda Grandes Empresas,&nbsp;<\/strong>que considera organizaciones de entre 200 y 999 trabajadores,&nbsp;<strong>el primer lugar fue para ABB,&nbsp;<\/strong>cuyo reconocimiento fue recibido&nbsp;por&nbsp;Martin&nbsp;Castellucci, Gerente General de ABB en Chile y Per\u00fa;&nbsp;y&nbsp;Fabrizio&nbsp;Moya, Gerente de Recursos Humanos.&nbsp;Entregaron&nbsp;el premio el&nbsp;Presidente&nbsp;de la C\u00e1mara de Diputadas y Diputados de Chile, Jorge Alessandri, la&nbsp;Directora Ejecutiva&nbsp;de Fundaci\u00f3n Chile Unido, Ver\u00f3nica Hoffmann y el&nbsp;Director&nbsp;del Diario Las \u00daltimas Noticias, Agust\u00edn Edwards.&nbsp;<\/p>\n\n\n<div class=\"wp-block-image\">\n<figure class=\"aligncenter size-full is-resized\"><img loading=\"lazy\" decoding=\"async\" width=\"874\" height=\"620\" src=\"https:\/\/www.chileunido.cl\/wp-content\/uploads\/2026\/04\/Foto-interior-6-1-lugar-grandes-Empresas.png\" alt=\"\" class=\"wp-image-3781\" style=\"width:572px;height:auto\" srcset=\"https:\/\/www.chileunido.cl\/wp-content\/uploads\/2026\/04\/Foto-interior-6-1-lugar-grandes-Empresas.png 874w, https:\/\/www.chileunido.cl\/wp-content\/uploads\/2026\/04\/Foto-interior-6-1-lugar-grandes-Empresas-300x213.png 300w, https:\/\/www.chileunido.cl\/wp-content\/uploads\/2026\/04\/Foto-interior-6-1-lugar-grandes-Empresas-768x545.png 768w, https:\/\/www.chileunido.cl\/wp-content\/uploads\/2026\/04\/Foto-interior-6-1-lugar-grandes-Empresas-206x146.png 206w, https:\/\/www.chileunido.cl\/wp-content\/uploads\/2026\/04\/Foto-interior-6-1-lugar-grandes-Empresas-50x35.png 50w, https:\/\/www.chileunido.cl\/wp-content\/uploads\/2026\/04\/Foto-interior-6-1-lugar-grandes-Empresas-106x75.png 106w\" sizes=\"auto, (max-width: 874px) 100vw, 874px\" \/><figcaption class=\"wp-element-caption\"><strong>Primer Lugar Grandes&nbsp;Empresas:&nbsp;ABB&nbsp;<\/strong><\/figcaption><\/figure><\/div>\n\n\n<p>El segundo lugar lo obtuvo Cencosud Scotiabank Corporativo, seguido por Lipigas en el tercer lugar;&nbsp;LarrainVial&nbsp;(4\u00b0), Guacolda Energ\u00eda (5\u00b0), Laboratorio&nbsp;Bag\u00f3&nbsp;de Chile S.A. (6\u00b0) y AFP Modelo (7\u00b0).&nbsp;<\/p>\n\n\n\n<p><strong>En la categor\u00eda Pymes,<\/strong>&nbsp;que agrupa a organizaciones de hasta 199 trabajadores, el&nbsp;<strong>primer lugar fue para NYK&nbsp;Sudamerica&nbsp;(Chile) Ltda.,&nbsp;<\/strong>representada por&nbsp;su&nbsp;Presidente,&nbsp;Kotaro&nbsp;Mikamo, junto a Constanza Valencia,&nbsp;Gerente de Recursos Humanos.&nbsp;El reconocimiento fue entregado por&nbsp;la&nbsp;Ministra&nbsp;de la Mujer y Equidad de G\u00e9nero, Judith Mar\u00edn,&nbsp;el&nbsp;Director&nbsp;de Fundaci\u00f3n Chile Unido, Juan Carlos&nbsp;Eichholz&nbsp;y el&nbsp;Director&nbsp;de El&nbsp;Mercurio, Carlos Schaerer.&nbsp;&nbsp;<\/p>\n\n\n<div class=\"wp-block-image\">\n<figure class=\"aligncenter size-full is-resized\"><img loading=\"lazy\" decoding=\"async\" width=\"874\" height=\"620\" src=\"https:\/\/www.chileunido.cl\/wp-content\/uploads\/2026\/04\/Foto-interior-7-1-lugar-Pymes.png\" alt=\"\" class=\"wp-image-3782\" style=\"width:569px;height:auto\" srcset=\"https:\/\/www.chileunido.cl\/wp-content\/uploads\/2026\/04\/Foto-interior-7-1-lugar-Pymes.png 874w, https:\/\/www.chileunido.cl\/wp-content\/uploads\/2026\/04\/Foto-interior-7-1-lugar-Pymes-300x213.png 300w, https:\/\/www.chileunido.cl\/wp-content\/uploads\/2026\/04\/Foto-interior-7-1-lugar-Pymes-768x545.png 768w, https:\/\/www.chileunido.cl\/wp-content\/uploads\/2026\/04\/Foto-interior-7-1-lugar-Pymes-206x146.png 206w, https:\/\/www.chileunido.cl\/wp-content\/uploads\/2026\/04\/Foto-interior-7-1-lugar-Pymes-50x35.png 50w, https:\/\/www.chileunido.cl\/wp-content\/uploads\/2026\/04\/Foto-interior-7-1-lugar-Pymes-106x75.png 106w\" sizes=\"auto, (max-width: 874px) 100vw, 874px\" \/><figcaption class=\"wp-element-caption\">Primer Lugar&nbsp;Pymes:&nbsp;NYK&nbsp;Sudamerica&nbsp;(Chile) Ltda.&nbsp;<\/figcaption><\/figure><\/div>\n\n\n<p>El segundo lugar lo obtuvo Boehringer Ingelheim Chile, seguido por ISALUD Isapre de Codelco (3\u00b0) y Pacific Hydro Chile (4\u00b0).&nbsp;<\/p>\n\n\n\n<p><strong>Finalmente, en la categor\u00eda Organismos P\u00fablicos<\/strong>, el primer lugar fue para&nbsp;<strong>Metro de Santiago S.A.<\/strong>, cuyo reconocimiento fue recibido por&nbsp;Felipe Bravo, Gerente General, y Paulina Del Campo, Gerente Corporativo de Comunicaci\u00f3n y Sostenibilidad.&nbsp;Quienes hicieron entrega del&nbsp;premio fueron el Ministro de Transportes y Telecomunicaciones, Louise de Grange, el Director de Fundaci\u00f3n Chile Unido, Mart\u00edn Subercaseaux,&nbsp;y la&nbsp;Asesora de la Vicepresidencia Ejecutiva de El Mercurio, Isabel Edwards.&nbsp;&nbsp;<\/p>\n\n\n<div class=\"wp-block-image\">\n<figure class=\"aligncenter size-full is-resized\"><img loading=\"lazy\" decoding=\"async\" width=\"874\" height=\"620\" src=\"https:\/\/www.chileunido.cl\/wp-content\/uploads\/2026\/04\/Foto-interior-8-1-lugar-Org-Pub.png\" alt=\"\" class=\"wp-image-3783\" style=\"width:621px;height:auto\" srcset=\"https:\/\/www.chileunido.cl\/wp-content\/uploads\/2026\/04\/Foto-interior-8-1-lugar-Org-Pub.png 874w, https:\/\/www.chileunido.cl\/wp-content\/uploads\/2026\/04\/Foto-interior-8-1-lugar-Org-Pub-300x213.png 300w, https:\/\/www.chileunido.cl\/wp-content\/uploads\/2026\/04\/Foto-interior-8-1-lugar-Org-Pub-768x545.png 768w, https:\/\/www.chileunido.cl\/wp-content\/uploads\/2026\/04\/Foto-interior-8-1-lugar-Org-Pub-206x146.png 206w, https:\/\/www.chileunido.cl\/wp-content\/uploads\/2026\/04\/Foto-interior-8-1-lugar-Org-Pub-50x35.png 50w, https:\/\/www.chileunido.cl\/wp-content\/uploads\/2026\/04\/Foto-interior-8-1-lugar-Org-Pub-106x75.png 106w\" sizes=\"auto, (max-width: 874px) 100vw, 874px\" \/><figcaption class=\"wp-element-caption\">Primer Lugar Organismos P\u00fablicos: Metro de Santiago S.A.&nbsp;<\/figcaption><\/figure><\/div>\n\n\n<p>Asimismo, recibieron el&nbsp;<strong>Sello de Distinci\u00f3n<\/strong>&nbsp;las organizaciones Agencia de Sostenibilidad Energ\u00e9tica, Arizt\u00eda, C\u00e1mara Nacional de Comercio, Servicios y Turismo de Chile, Grupo&nbsp;Enovus, Grupo Guante-Gacel, OCG Chile,&nbsp;Statkraft&nbsp;Chile y Universidad Alberto Hurtado, por su destacado desempe\u00f1o y compromiso con seguir avanzando en&nbsp;el&nbsp;camino&nbsp;de la conciliaci\u00f3n.&nbsp;<\/p>\n\n\n\n<p><strong>Prop\u00f3sito&nbsp;y Compromiso<\/strong>&nbsp;<\/p>\n\n\n\n<p>Esta \u00faltima versi\u00f3n del&nbsp;Estudio&nbsp;nos&nbsp;confirma&nbsp;que&nbsp;las organizaciones que logran integrar de manera efectiva la vida personal y el trabajo comparten una cultura basada en un prop\u00f3sito&nbsp;que se vive, se transmite y se comparte.&nbsp;<\/p>\n\n\n\n<p><strong>En las organizaciones mejor evaluadas, un 91% de los trabajadores declara conocer el prop\u00f3sito de su organizaci\u00f3n, ese mismo porcentaje considera que este le da sentido a su trabajo, y un 91% se siente orgulloso de pertenecer a ella.<\/strong>&nbsp;Estos resultados reflejan que cuando existe consistencia entre lo que una organizaci\u00f3n declara y lo que realmente vive, se fortalecen los v\u00ednculos, el compromiso y la pertenencia de las personas.&nbsp;<\/p>\n\n\n\n<p>A ello se suma una cultura organizacional centrada en las personas, donde el respeto, el bienestar y el equilibrio entre la vida laboral y personal&nbsp;constituyen&nbsp;una forma de gesti\u00f3n. En este grupo de organizaciones, un 91% de los trabajadores percibe respeto, un 88% reconoce que se promueve activamente el equilibrio entre vida personal y trabajo, y un 87% valora la preocupaci\u00f3n por su bienestar, dando cuenta de entornos laborales m\u00e1s humanos, sostenibles y consistentes en el tiempo.&nbsp;<\/p>\n\n\n\n<p>En este contexto, la conciliaci\u00f3n se consolida como un elemento estrat\u00e9gico, que no solo impacta en la calidad de vida de las personas, sino tambi\u00e9n en el desempe\u00f1o y sostenibilidad de las organizaciones.&nbsp;<strong>As\u00ed lo explica la&nbsp;Directora&nbsp;Ejecutiva de Fundaci\u00f3n Chile Unido, Ver\u00f3nica Hoffmann:<\/strong>&nbsp;<\/p>\n\n\n\n<p><em>\u201cLa conciliaci\u00f3n es un modelo de gesti\u00f3n que impacta en la vida de las personas, en sus familias y en el desarrollo de su trayectoria laboral. Cuando las organizaciones comprenden esta realidad, logran construir propuestas de valor asertivas y sostenibles\u201d.<\/em>&nbsp;<\/p>\n\n\n\n<p>Asimismo, destaca que el rol del liderazgo es fundamental para que estas pr\u00e1cticas se traduzcan en experiencias reales para los trabajadores:&nbsp;<\/p>\n\n\n\n<p><em>\u201cLa conciliaci\u00f3n se implementa desde las pol\u00edticas organizacionales y tambi\u00e9n desde liderazgos coherentes que&nbsp;facilitan&nbsp;el uso efectivo de los beneficios, generando un mayor impacto en la vida de los trabajadores y sus familias\u201d.<\/em>&nbsp;<\/p>\n\n\n\n<p>A lo largo de sus 23 a\u00f1os de trayectoria, esta medici\u00f3n se ha consolidado como un&nbsp;<strong>referente en la promoci\u00f3n de culturas laborales que ponen a las personas en el centro<\/strong>, visibilizando pr\u00e1cticas que contribuyen tanto al bienestar individual como al desarrollo organizacional y social.&nbsp;<\/p>\n\n\n\n<p>Lo invitamos a conocer con m\u00e1s detalle las publicaciones que se han realizado con motivo de la premiaci\u00f3n de las Mejores Organizaciones para Integrar Vida Personal y Trabajo, como la nota de prensa de&nbsp;Econom\u00eda y Negocios de&nbsp;El Mercurio, la publicaci\u00f3n de Vida Social y la Edici\u00f3n Especial de la que participaron diversas empresas que hicieron parte de este Estudio.&nbsp;&nbsp;&nbsp;<\/p>\n\n\n\n<p class=\"has-luminous-vivid-orange-color has-text-color has-background has-link-color wp-elements-55646f79cab71a053837dc7d5daa8358\" style=\"background-color:#584c61\"><a href=\"https:\/\/www.chileunido.cl\/wp-content\/uploads\/2026\/04\/Economia-y-Negocios-El-Mercurio.pdf\">Econom\u00eda y Negocios El Mercurio<\/a><\/p>\n\n\n\n<p class=\"has-luminous-vivid-orange-color has-text-color has-background has-link-color wp-elements-f192cf5ff060ddddc307d33824dc6bac\" style=\"background-color:#584c61\"><a href=\"https:\/\/www.chileunido.cl\/wp-content\/uploads\/2026\/04\/Vida-Social-El-Mercurio.jpg\">Vida Social El Mercurio<\/a><\/p>\n\n\n\n<p class=\"has-luminous-vivid-orange-color has-text-color has-background has-link-color wp-elements-abbbb851f51acf7a2a1aec5a9ff6ade3\" style=\"background-color:#584c61\"><a href=\"https:\/\/www.chileunido.cl\/wp-content\/uploads\/2026\/04\/Edicion-Especial-1.1.pdf\">Edici\u00f3n Especial El Mercurio 1.1&nbsp;<\/a><\/p>\n\n\n\n<p class=\"has-luminous-vivid-orange-color has-text-color has-background has-link-color wp-elements-5cd1e802add0f78874dbb4de02df0452\" style=\"background-color:#584c61\"><a href=\"https:\/\/www.chileunido.cl\/wp-content\/uploads\/2026\/04\/Edicion_Especial-1.2.pdf\">Edici\u00f3n Especial El Mercurio 1.2<\/a><\/p>\n\n\n\n<p>Galer\u00eda de Fotos: Autoridades y Primeros Lugares&nbsp;&nbsp;<\/p>\n\n\n<div class=\"wp-block-image\">\n<figure class=\"aligncenter size-full is-resized\"><img loading=\"lazy\" decoding=\"async\" width=\"750\" height=\"600\" src=\"https:\/\/www.chileunido.cl\/wp-content\/uploads\/2026\/04\/01-1.png\" alt=\"\" class=\"wp-image-3821\" style=\"width:610px;height:auto\" srcset=\"https:\/\/www.chileunido.cl\/wp-content\/uploads\/2026\/04\/01-1.png 750w, https:\/\/www.chileunido.cl\/wp-content\/uploads\/2026\/04\/01-1-300x240.png 300w, https:\/\/www.chileunido.cl\/wp-content\/uploads\/2026\/04\/01-1-183x146.png 183w, https:\/\/www.chileunido.cl\/wp-content\/uploads\/2026\/04\/01-1-50x40.png 50w, https:\/\/www.chileunido.cl\/wp-content\/uploads\/2026\/04\/01-1-94x75.png 94w\" sizes=\"auto, (max-width: 750px) 100vw, 750px\" \/><figcaption class=\"wp-element-caption\">Heriberto Urz\u00faa, Presidente de Fundaci\u00f3n Chile Unido, junto a Mar\u00eda Jes\u00fas Wulff, Ministra de Desarrollo Social y Familia; Ver\u00f3nica Hoffmann, Directora Ejecutiva Fundaci\u00f3n Chile Unido y Carlos Schaerer, Director de El Mercurio<\/figcaption><\/figure><\/div>\n\n\n<figure class=\"wp-block-gallery has-nested-images columns-default is-cropped wp-block-gallery-2 is-layout-flex wp-block-gallery-is-layout-flex\">\n<figure class=\"wp-block-image size-large is-style-default\"><img loading=\"lazy\" decoding=\"async\" width=\"750\" height=\"600\" data-id=\"3822\" src=\"https:\/\/www.chileunido.cl\/wp-content\/uploads\/2026\/04\/02-1.png\" alt=\"\" class=\"wp-image-3822\" srcset=\"https:\/\/www.chileunido.cl\/wp-content\/uploads\/2026\/04\/02-1.png 750w, https:\/\/www.chileunido.cl\/wp-content\/uploads\/2026\/04\/02-1-300x240.png 300w, https:\/\/www.chileunido.cl\/wp-content\/uploads\/2026\/04\/02-1-183x146.png 183w, https:\/\/www.chileunido.cl\/wp-content\/uploads\/2026\/04\/02-1-50x40.png 50w, https:\/\/www.chileunido.cl\/wp-content\/uploads\/2026\/04\/02-1-94x75.png 94w\" sizes=\"auto, (max-width: 750px) 100vw, 750px\" \/><figcaption class=\"wp-element-caption\">Jaime Bellolio y Mart\u00edn Subercaseaux, Directores de Fundaci\u00f3n Chile Unido, junto a Gustavo Rosende, Subsecretario del Trabajo y Agust\u00edn Edwads, Director del Diario Las \u00daltimas Noticias<\/figcaption><\/figure>\n\n\n\n<figure class=\"wp-block-image size-large\"><img loading=\"lazy\" decoding=\"async\" width=\"750\" height=\"600\" data-id=\"3823\" src=\"https:\/\/www.chileunido.cl\/wp-content\/uploads\/2026\/04\/03-1.png\" alt=\"\" class=\"wp-image-3823\" srcset=\"https:\/\/www.chileunido.cl\/wp-content\/uploads\/2026\/04\/03-1.png 750w, https:\/\/www.chileunido.cl\/wp-content\/uploads\/2026\/04\/03-1-300x240.png 300w, https:\/\/www.chileunido.cl\/wp-content\/uploads\/2026\/04\/03-1-183x146.png 183w, https:\/\/www.chileunido.cl\/wp-content\/uploads\/2026\/04\/03-1-50x40.png 50w, https:\/\/www.chileunido.cl\/wp-content\/uploads\/2026\/04\/03-1-94x75.png 94w\" sizes=\"auto, (max-width: 750px) 100vw, 750px\" \/><figcaption class=\"wp-element-caption\">Jorge Riesco, Presidente de SONAMI, junto a Ver\u00f3nica Hoffmann, Louis de Grange, Ministro de Transportes y Telecomunicaciones y Cristi\u00e1n Edwards, Presidente de El Mercurio<\/figcaption><\/figure>\n<\/figure>\n\n\n\n<figure class=\"wp-block-gallery has-nested-images columns-default is-cropped wp-block-gallery-3 is-layout-flex wp-block-gallery-is-layout-flex\">\n<figure class=\"wp-block-image size-large\"><img loading=\"lazy\" decoding=\"async\" width=\"750\" height=\"600\" data-id=\"3824\" src=\"https:\/\/www.chileunido.cl\/wp-content\/uploads\/2026\/04\/04-1.png\" alt=\"\" class=\"wp-image-3824\" srcset=\"https:\/\/www.chileunido.cl\/wp-content\/uploads\/2026\/04\/04-1.png 750w, https:\/\/www.chileunido.cl\/wp-content\/uploads\/2026\/04\/04-1-300x240.png 300w, https:\/\/www.chileunido.cl\/wp-content\/uploads\/2026\/04\/04-1-183x146.png 183w, https:\/\/www.chileunido.cl\/wp-content\/uploads\/2026\/04\/04-1-50x40.png 50w, https:\/\/www.chileunido.cl\/wp-content\/uploads\/2026\/04\/04-1-94x75.png 94w\" sizes=\"auto, (max-width: 750px) 100vw, 750px\" \/><figcaption class=\"wp-element-caption\">El Presidente de la C\u00e1mara de Diputadas y Diputados de Chile, Jorge Alessandri, junto a los miembros del Directorio de Fundaci\u00f3n Chile Unido Juan Carlos Eichholz, Mart\u00edn Subercaseaux, Heriberto Urz\u00faa (Presidente), Jaime Bellolio; y su Directora Ejecutiva, Ver\u00f3nica Hoffmann<\/figcaption><\/figure>\n\n\n\n<figure class=\"wp-block-image size-large\"><img loading=\"lazy\" decoding=\"async\" width=\"750\" height=\"600\" data-id=\"3825\" src=\"https:\/\/www.chileunido.cl\/wp-content\/uploads\/2026\/04\/05-1.png\" alt=\"\" class=\"wp-image-3825\" srcset=\"https:\/\/www.chileunido.cl\/wp-content\/uploads\/2026\/04\/05-1.png 750w, https:\/\/www.chileunido.cl\/wp-content\/uploads\/2026\/04\/05-1-300x240.png 300w, https:\/\/www.chileunido.cl\/wp-content\/uploads\/2026\/04\/05-1-183x146.png 183w, https:\/\/www.chileunido.cl\/wp-content\/uploads\/2026\/04\/05-1-50x40.png 50w, https:\/\/www.chileunido.cl\/wp-content\/uploads\/2026\/04\/05-1-94x75.png 94w\" sizes=\"auto, (max-width: 750px) 100vw, 750px\" \/><figcaption class=\"wp-element-caption\">El Subsecretario Rosende junto a Heriberto Urz\u00faa, la Ministra de la Mujer y Equidad de G\u00e9nero, Judith Mar\u00edn y Agust\u00edn Edwards, Director del Diario Las \u00daltimas Noticias<\/figcaption><\/figure>\n<\/figure>\n\n\n\n<figure class=\"wp-block-gallery has-nested-images columns-default is-cropped wp-block-gallery-4 is-layout-flex wp-block-gallery-is-layout-flex\">\n<figure class=\"wp-block-image size-large\"><img loading=\"lazy\" decoding=\"async\" width=\"750\" height=\"600\" data-id=\"3826\" src=\"https:\/\/www.chileunido.cl\/wp-content\/uploads\/2026\/04\/06-1.png\" alt=\"\" class=\"wp-image-3826\" srcset=\"https:\/\/www.chileunido.cl\/wp-content\/uploads\/2026\/04\/06-1.png 750w, https:\/\/www.chileunido.cl\/wp-content\/uploads\/2026\/04\/06-1-300x240.png 300w, https:\/\/www.chileunido.cl\/wp-content\/uploads\/2026\/04\/06-1-183x146.png 183w, https:\/\/www.chileunido.cl\/wp-content\/uploads\/2026\/04\/06-1-50x40.png 50w, https:\/\/www.chileunido.cl\/wp-content\/uploads\/2026\/04\/06-1-94x75.png 94w\" sizes=\"auto, (max-width: 750px) 100vw, 750px\" \/><\/figure>\n\n\n\n<figure class=\"wp-block-image size-large\"><img loading=\"lazy\" decoding=\"async\" width=\"750\" height=\"600\" data-id=\"3827\" src=\"https:\/\/www.chileunido.cl\/wp-content\/uploads\/2026\/04\/07-1.png\" alt=\"\" class=\"wp-image-3827\" srcset=\"https:\/\/www.chileunido.cl\/wp-content\/uploads\/2026\/04\/07-1.png 750w, https:\/\/www.chileunido.cl\/wp-content\/uploads\/2026\/04\/07-1-300x240.png 300w, https:\/\/www.chileunido.cl\/wp-content\/uploads\/2026\/04\/07-1-183x146.png 183w, https:\/\/www.chileunido.cl\/wp-content\/uploads\/2026\/04\/07-1-50x40.png 50w, https:\/\/www.chileunido.cl\/wp-content\/uploads\/2026\/04\/07-1-94x75.png 94w\" sizes=\"auto, (max-width: 750px) 100vw, 750px\" \/><figcaption class=\"wp-element-caption\">Heriberto Urz\u00faa, en su saludo inicial <\/figcaption><\/figure>\n\n\n\n<figure class=\"wp-block-image size-large\"><img loading=\"lazy\" decoding=\"async\" width=\"750\" height=\"600\" data-id=\"3828\" src=\"https:\/\/www.chileunido.cl\/wp-content\/uploads\/2026\/04\/08-1.png\" alt=\"\" class=\"wp-image-3828\" srcset=\"https:\/\/www.chileunido.cl\/wp-content\/uploads\/2026\/04\/08-1.png 750w, https:\/\/www.chileunido.cl\/wp-content\/uploads\/2026\/04\/08-1-300x240.png 300w, https:\/\/www.chileunido.cl\/wp-content\/uploads\/2026\/04\/08-1-183x146.png 183w, https:\/\/www.chileunido.cl\/wp-content\/uploads\/2026\/04\/08-1-50x40.png 50w, https:\/\/www.chileunido.cl\/wp-content\/uploads\/2026\/04\/08-1-94x75.png 94w\" sizes=\"auto, (max-width: 750px) 100vw, 750px\" \/><figcaption class=\"wp-element-caption\">La Ministra Mar\u00eda Jes\u00fas Wulf ofreci\u00f3 unas palabras a los presentes <\/figcaption><\/figure>\n\n\n\n<figure class=\"wp-block-image size-large\"><img loading=\"lazy\" decoding=\"async\" width=\"750\" height=\"600\" data-id=\"3829\" src=\"https:\/\/www.chileunido.cl\/wp-content\/uploads\/2026\/04\/09-1.png\" alt=\"\" class=\"wp-image-3829\" srcset=\"https:\/\/www.chileunido.cl\/wp-content\/uploads\/2026\/04\/09-1.png 750w, https:\/\/www.chileunido.cl\/wp-content\/uploads\/2026\/04\/09-1-300x240.png 300w, https:\/\/www.chileunido.cl\/wp-content\/uploads\/2026\/04\/09-1-183x146.png 183w, https:\/\/www.chileunido.cl\/wp-content\/uploads\/2026\/04\/09-1-50x40.png 50w, https:\/\/www.chileunido.cl\/wp-content\/uploads\/2026\/04\/09-1-94x75.png 94w\" sizes=\"auto, (max-width: 750px) 100vw, 750px\" \/><\/figure>\n\n\n\n<figure class=\"wp-block-image size-large\"><img loading=\"lazy\" decoding=\"async\" width=\"750\" height=\"600\" data-id=\"3830\" src=\"https:\/\/www.chileunido.cl\/wp-content\/uploads\/2026\/04\/10-1.png\" alt=\"\" class=\"wp-image-3830\" srcset=\"https:\/\/www.chileunido.cl\/wp-content\/uploads\/2026\/04\/10-1.png 750w, https:\/\/www.chileunido.cl\/wp-content\/uploads\/2026\/04\/10-1-300x240.png 300w, https:\/\/www.chileunido.cl\/wp-content\/uploads\/2026\/04\/10-1-183x146.png 183w, https:\/\/www.chileunido.cl\/wp-content\/uploads\/2026\/04\/10-1-50x40.png 50w, https:\/\/www.chileunido.cl\/wp-content\/uploads\/2026\/04\/10-1-94x75.png 94w\" sizes=\"auto, (max-width: 750px) 100vw, 750px\" \/><\/figure>\n\n\n\n<figure class=\"wp-block-image size-large\"><img loading=\"lazy\" decoding=\"async\" width=\"750\" height=\"600\" data-id=\"3831\" src=\"https:\/\/www.chileunido.cl\/wp-content\/uploads\/2026\/04\/11-2.png\" alt=\"\" class=\"wp-image-3831\" srcset=\"https:\/\/www.chileunido.cl\/wp-content\/uploads\/2026\/04\/11-2.png 750w, https:\/\/www.chileunido.cl\/wp-content\/uploads\/2026\/04\/11-2-300x240.png 300w, https:\/\/www.chileunido.cl\/wp-content\/uploads\/2026\/04\/11-2-183x146.png 183w, https:\/\/www.chileunido.cl\/wp-content\/uploads\/2026\/04\/11-2-50x40.png 50w, https:\/\/www.chileunido.cl\/wp-content\/uploads\/2026\/04\/11-2-94x75.png 94w\" sizes=\"auto, (max-width: 750px) 100vw, 750px\" \/><\/figure>\n<\/figure>\n\n\n\n<figure class=\"wp-block-gallery has-nested-images columns-default is-cropped wp-block-gallery-5 is-layout-flex wp-block-gallery-is-layout-flex\">\n<figure class=\"wp-block-image size-large\"><img loading=\"lazy\" decoding=\"async\" width=\"750\" height=\"600\" data-id=\"3816\" src=\"https:\/\/www.chileunido.cl\/wp-content\/uploads\/2026\/04\/12-4.png\" alt=\"\" class=\"wp-image-3816\" srcset=\"https:\/\/www.chileunido.cl\/wp-content\/uploads\/2026\/04\/12-4.png 750w, https:\/\/www.chileunido.cl\/wp-content\/uploads\/2026\/04\/12-4-300x240.png 300w, https:\/\/www.chileunido.cl\/wp-content\/uploads\/2026\/04\/12-4-183x146.png 183w, https:\/\/www.chileunido.cl\/wp-content\/uploads\/2026\/04\/12-4-50x40.png 50w, https:\/\/www.chileunido.cl\/wp-content\/uploads\/2026\/04\/12-4-94x75.png 94w\" sizes=\"auto, (max-width: 750px) 100vw, 750px\" \/><figcaption class=\"wp-element-caption\">Jos\u00e9 Pakomio, Presidente de la CNC, Rosario Navarro, Presidenta de la SOFOFA Y Jorge Riesco, Presidente de SONAMI<\/figcaption><\/figure>\n\n\n\n<figure class=\"wp-block-image size-large\"><img loading=\"lazy\" decoding=\"async\" width=\"750\" height=\"600\" data-id=\"3817\" src=\"https:\/\/www.chileunido.cl\/wp-content\/uploads\/2026\/04\/13-1.png\" alt=\"\" class=\"wp-image-3817\" srcset=\"https:\/\/www.chileunido.cl\/wp-content\/uploads\/2026\/04\/13-1.png 750w, https:\/\/www.chileunido.cl\/wp-content\/uploads\/2026\/04\/13-1-300x240.png 300w, https:\/\/www.chileunido.cl\/wp-content\/uploads\/2026\/04\/13-1-183x146.png 183w, https:\/\/www.chileunido.cl\/wp-content\/uploads\/2026\/04\/13-1-50x40.png 50w, https:\/\/www.chileunido.cl\/wp-content\/uploads\/2026\/04\/13-1-94x75.png 94w\" sizes=\"auto, (max-width: 750px) 100vw, 750px\" \/><figcaption class=\"wp-element-caption\">Empresa ganadora 1er Lugar Categor\u00eda Grandes Corporaciones \u2013 Bci Heriberto Urz\u00faa, Pablo Jullian, Gerente Corporativo de Gesti\u00f3n de Personas de Bci, Ignacio Yarur, Presidente de Bci, Ministra Mar\u00eda Jes\u00fas Wulf y Cristi\u00e1n Edwards.<\/figcaption><\/figure>\n<\/figure>\n\n\n\n<figure class=\"wp-block-gallery has-nested-images columns-default is-cropped wp-block-gallery-6 is-layout-flex wp-block-gallery-is-layout-flex\">\n<figure class=\"wp-block-image size-large\"><img loading=\"lazy\" decoding=\"async\" width=\"750\" height=\"600\" data-id=\"3818\" src=\"https:\/\/www.chileunido.cl\/wp-content\/uploads\/2026\/04\/14-3.png\" alt=\"\" class=\"wp-image-3818\" srcset=\"https:\/\/www.chileunido.cl\/wp-content\/uploads\/2026\/04\/14-3.png 750w, https:\/\/www.chileunido.cl\/wp-content\/uploads\/2026\/04\/14-3-300x240.png 300w, https:\/\/www.chileunido.cl\/wp-content\/uploads\/2026\/04\/14-3-183x146.png 183w, https:\/\/www.chileunido.cl\/wp-content\/uploads\/2026\/04\/14-3-50x40.png 50w, https:\/\/www.chileunido.cl\/wp-content\/uploads\/2026\/04\/14-3-94x75.png 94w\" sizes=\"auto, (max-width: 750px) 100vw, 750px\" \/><figcaption class=\"wp-element-caption\">Empresa ganadora 1er Lugar Categor\u00eda Grandes Empresas \u2013 ABB Diputado Jorge Alessandri, Ver\u00f3nica Hoffmann, Martin Castellucci, Gerente General de ABB en Chile y Per\u00fa, Fabrizio Moya, Gerente de Recursos Humanos de ABB  Y Agust\u00edn Edwads.<\/figcaption><\/figure>\n\n\n\n<figure class=\"wp-block-image size-large\"><img loading=\"lazy\" decoding=\"async\" width=\"750\" height=\"600\" data-id=\"3819\" src=\"https:\/\/www.chileunido.cl\/wp-content\/uploads\/2026\/04\/15-2.png\" alt=\"\" class=\"wp-image-3819\" srcset=\"https:\/\/www.chileunido.cl\/wp-content\/uploads\/2026\/04\/15-2.png 750w, https:\/\/www.chileunido.cl\/wp-content\/uploads\/2026\/04\/15-2-300x240.png 300w, https:\/\/www.chileunido.cl\/wp-content\/uploads\/2026\/04\/15-2-183x146.png 183w, https:\/\/www.chileunido.cl\/wp-content\/uploads\/2026\/04\/15-2-50x40.png 50w, https:\/\/www.chileunido.cl\/wp-content\/uploads\/2026\/04\/15-2-94x75.png 94w\" sizes=\"auto, (max-width: 750px) 100vw, 750px\" \/><figcaption class=\"wp-element-caption\">Empresa ganadora 1er Lugar Categor\u00eda PYMES \u2013 NYK Sudamerica (Chile) Ltda. Juan Carlos Eichholz, la Ministra Judith Mar\u00edn, Constanza Valencia, Gerente de Recursos Humanos de NYK Sudamerica (Chile) Ltda., Kotaro Mikamo, Presidente de NYK Sudamerica (Chile) Ltda. y Carlos Schaerer<\/figcaption><\/figure>\n<\/figure>\n\n\n<div class=\"wp-block-image\">\n<figure class=\"aligncenter size-full is-resized\"><img loading=\"lazy\" decoding=\"async\" width=\"750\" height=\"600\" src=\"https:\/\/www.chileunido.cl\/wp-content\/uploads\/2026\/04\/16-2.png\" alt=\"\" class=\"wp-image-3820\" style=\"width:439px;height:auto\" srcset=\"https:\/\/www.chileunido.cl\/wp-content\/uploads\/2026\/04\/16-2.png 750w, https:\/\/www.chileunido.cl\/wp-content\/uploads\/2026\/04\/16-2-300x240.png 300w, https:\/\/www.chileunido.cl\/wp-content\/uploads\/2026\/04\/16-2-183x146.png 183w, https:\/\/www.chileunido.cl\/wp-content\/uploads\/2026\/04\/16-2-50x40.png 50w, https:\/\/www.chileunido.cl\/wp-content\/uploads\/2026\/04\/16-2-94x75.png 94w\" sizes=\"auto, (max-width: 750px) 100vw, 750px\" \/><figcaption class=\"wp-element-caption\"><strong>Empresa ganadora 1er Lugar Categor\u00eda PYMES \u2013 NYK Sudamerica (Chile) Ltda.<\/strong><br>Juan Carlos Eichholz, la Ministra Judith Mar\u00edn, Constanza Valencia, Gerente de Recursos Humanos de NYK Sudamerica (Chile) Ltda., Kotaro Mikamo, Presidente de NYK Sudamerica (Chile) Ltda. y Carlos Schaerer.<\/figcaption><\/figure><\/div>\n\n\n<p>Galer\u00eda de Fotos: Organizaciones premiadas y fotos sociales&nbsp;&nbsp;<\/p>\n\n\n\n<figure class=\"wp-block-gallery has-nested-images columns-default is-cropped wp-block-gallery-7 is-layout-flex wp-block-gallery-is-layout-flex\">\n<figure class=\"wp-block-image size-large\"><img loading=\"lazy\" decoding=\"async\" width=\"750\" height=\"600\" data-id=\"3785\" src=\"https:\/\/www.chileunido.cl\/wp-content\/uploads\/2026\/04\/01.png\" alt=\"\" class=\"wp-image-3785\" srcset=\"https:\/\/www.chileunido.cl\/wp-content\/uploads\/2026\/04\/01.png 750w, https:\/\/www.chileunido.cl\/wp-content\/uploads\/2026\/04\/01-300x240.png 300w, https:\/\/www.chileunido.cl\/wp-content\/uploads\/2026\/04\/01-183x146.png 183w, https:\/\/www.chileunido.cl\/wp-content\/uploads\/2026\/04\/01-50x40.png 50w, https:\/\/www.chileunido.cl\/wp-content\/uploads\/2026\/04\/01-94x75.png 94w\" sizes=\"auto, (max-width: 750px) 100vw, 750px\" \/><figcaption class=\"wp-element-caption\">Organizaciones premiadas <\/figcaption><\/figure>\n\n\n\n<figure class=\"wp-block-image size-large\"><img loading=\"lazy\" decoding=\"async\" width=\"750\" height=\"600\" data-id=\"3786\" src=\"https:\/\/www.chileunido.cl\/wp-content\/uploads\/2026\/04\/02.png\" alt=\"\" class=\"wp-image-3786\" srcset=\"https:\/\/www.chileunido.cl\/wp-content\/uploads\/2026\/04\/02.png 750w, https:\/\/www.chileunido.cl\/wp-content\/uploads\/2026\/04\/02-300x240.png 300w, https:\/\/www.chileunido.cl\/wp-content\/uploads\/2026\/04\/02-183x146.png 183w, https:\/\/www.chileunido.cl\/wp-content\/uploads\/2026\/04\/02-50x40.png 50w, https:\/\/www.chileunido.cl\/wp-content\/uploads\/2026\/04\/02-94x75.png 94w\" sizes=\"auto, (max-width: 750px) 100vw, 750px\" \/><figcaption class=\"wp-element-caption\">Mejores Grandes corporaciones grupo 1<\/figcaption><\/figure>\n\n\n\n<figure class=\"wp-block-image size-large\"><img loading=\"lazy\" decoding=\"async\" width=\"750\" height=\"600\" data-id=\"3787\" src=\"https:\/\/www.chileunido.cl\/wp-content\/uploads\/2026\/04\/03.png\" alt=\"\" class=\"wp-image-3787\" srcset=\"https:\/\/www.chileunido.cl\/wp-content\/uploads\/2026\/04\/03.png 750w, https:\/\/www.chileunido.cl\/wp-content\/uploads\/2026\/04\/03-300x240.png 300w, https:\/\/www.chileunido.cl\/wp-content\/uploads\/2026\/04\/03-183x146.png 183w, https:\/\/www.chileunido.cl\/wp-content\/uploads\/2026\/04\/03-50x40.png 50w, https:\/\/www.chileunido.cl\/wp-content\/uploads\/2026\/04\/03-94x75.png 94w\" sizes=\"auto, (max-width: 750px) 100vw, 750px\" \/><figcaption class=\"wp-element-caption\">Mejores Grandes Corporaciones grupo 2<\/figcaption><\/figure>\n\n\n\n<figure class=\"wp-block-image size-large\"><img loading=\"lazy\" decoding=\"async\" width=\"750\" height=\"600\" data-id=\"3788\" src=\"https:\/\/www.chileunido.cl\/wp-content\/uploads\/2026\/04\/04.png\" alt=\"\" class=\"wp-image-3788\" srcset=\"https:\/\/www.chileunido.cl\/wp-content\/uploads\/2026\/04\/04.png 750w, https:\/\/www.chileunido.cl\/wp-content\/uploads\/2026\/04\/04-300x240.png 300w, https:\/\/www.chileunido.cl\/wp-content\/uploads\/2026\/04\/04-183x146.png 183w, https:\/\/www.chileunido.cl\/wp-content\/uploads\/2026\/04\/04-50x40.png 50w, https:\/\/www.chileunido.cl\/wp-content\/uploads\/2026\/04\/04-94x75.png 94w\" sizes=\"auto, (max-width: 750px) 100vw, 750px\" \/><figcaption class=\"wp-element-caption\">Mejores Grandes Empresas<\/figcaption><\/figure>\n\n\n\n<figure class=\"wp-block-image size-large\"><img loading=\"lazy\" decoding=\"async\" width=\"750\" height=\"600\" data-id=\"3789\" src=\"https:\/\/www.chileunido.cl\/wp-content\/uploads\/2026\/04\/05.png\" alt=\"\" class=\"wp-image-3789\" srcset=\"https:\/\/www.chileunido.cl\/wp-content\/uploads\/2026\/04\/05.png 750w, https:\/\/www.chileunido.cl\/wp-content\/uploads\/2026\/04\/05-300x240.png 300w, https:\/\/www.chileunido.cl\/wp-content\/uploads\/2026\/04\/05-183x146.png 183w, https:\/\/www.chileunido.cl\/wp-content\/uploads\/2026\/04\/05-50x40.png 50w, https:\/\/www.chileunido.cl\/wp-content\/uploads\/2026\/04\/05-94x75.png 94w\" sizes=\"auto, (max-width: 750px) 100vw, 750px\" \/><figcaption class=\"wp-element-caption\">Mejores Pymes<\/figcaption><\/figure>\n\n\n\n<figure class=\"wp-block-image size-large\"><img loading=\"lazy\" decoding=\"async\" width=\"750\" height=\"600\" data-id=\"3790\" src=\"https:\/\/www.chileunido.cl\/wp-content\/uploads\/2026\/04\/06.png\" alt=\"\" class=\"wp-image-3790\" srcset=\"https:\/\/www.chileunido.cl\/wp-content\/uploads\/2026\/04\/06.png 750w, https:\/\/www.chileunido.cl\/wp-content\/uploads\/2026\/04\/06-300x240.png 300w, https:\/\/www.chileunido.cl\/wp-content\/uploads\/2026\/04\/06-183x146.png 183w, https:\/\/www.chileunido.cl\/wp-content\/uploads\/2026\/04\/06-50x40.png 50w, https:\/\/www.chileunido.cl\/wp-content\/uploads\/2026\/04\/06-94x75.png 94w\" sizes=\"auto, (max-width: 750px) 100vw, 750px\" \/><figcaption class=\"wp-element-caption\">Empresas Sello de Distinci\u00f3n grupo 1<\/figcaption><\/figure>\n\n\n\n<figure class=\"wp-block-image size-large\"><img loading=\"lazy\" decoding=\"async\" width=\"750\" height=\"600\" data-id=\"3791\" src=\"https:\/\/www.chileunido.cl\/wp-content\/uploads\/2026\/04\/07.png\" alt=\"\" class=\"wp-image-3791\" srcset=\"https:\/\/www.chileunido.cl\/wp-content\/uploads\/2026\/04\/07.png 750w, https:\/\/www.chileunido.cl\/wp-content\/uploads\/2026\/04\/07-300x240.png 300w, https:\/\/www.chileunido.cl\/wp-content\/uploads\/2026\/04\/07-183x146.png 183w, https:\/\/www.chileunido.cl\/wp-content\/uploads\/2026\/04\/07-50x40.png 50w, https:\/\/www.chileunido.cl\/wp-content\/uploads\/2026\/04\/07-94x75.png 94w\" sizes=\"auto, (max-width: 750px) 100vw, 750px\" \/><figcaption class=\"wp-element-caption\">Empresas Sello de Distinci\u00f3n grupo 2<\/figcaption><\/figure>\n\n\n\n<figure class=\"wp-block-image size-large\"><img loading=\"lazy\" decoding=\"async\" width=\"750\" height=\"600\" data-id=\"3792\" src=\"https:\/\/www.chileunido.cl\/wp-content\/uploads\/2026\/04\/08.png\" alt=\"\" class=\"wp-image-3792\" srcset=\"https:\/\/www.chileunido.cl\/wp-content\/uploads\/2026\/04\/08.png 750w, https:\/\/www.chileunido.cl\/wp-content\/uploads\/2026\/04\/08-300x240.png 300w, https:\/\/www.chileunido.cl\/wp-content\/uploads\/2026\/04\/08-183x146.png 183w, https:\/\/www.chileunido.cl\/wp-content\/uploads\/2026\/04\/08-50x40.png 50w, https:\/\/www.chileunido.cl\/wp-content\/uploads\/2026\/04\/08-94x75.png 94w\" sizes=\"auto, (max-width: 750px) 100vw, 750px\" \/><figcaption class=\"wp-element-caption\">Equipo fundaci\u00f3n Chile Unido <\/figcaption><\/figure>\n\n\n\n<figure class=\"wp-block-image size-large\"><img loading=\"lazy\" decoding=\"async\" width=\"750\" height=\"600\" data-id=\"3793\" src=\"https:\/\/www.chileunido.cl\/wp-content\/uploads\/2026\/04\/09.png\" alt=\"\" class=\"wp-image-3793\" srcset=\"https:\/\/www.chileunido.cl\/wp-content\/uploads\/2026\/04\/09.png 750w, https:\/\/www.chileunido.cl\/wp-content\/uploads\/2026\/04\/09-300x240.png 300w, https:\/\/www.chileunido.cl\/wp-content\/uploads\/2026\/04\/09-183x146.png 183w, https:\/\/www.chileunido.cl\/wp-content\/uploads\/2026\/04\/09-50x40.png 50w, https:\/\/www.chileunido.cl\/wp-content\/uploads\/2026\/04\/09-94x75.png 94w\" sizes=\"auto, (max-width: 750px) 100vw, 750px\" \/><figcaption class=\"wp-element-caption\">AFP Modelo<\/figcaption><\/figure>\n\n\n\n<figure class=\"wp-block-image size-large\"><img loading=\"lazy\" decoding=\"async\" width=\"750\" height=\"600\" data-id=\"3794\" src=\"https:\/\/www.chileunido.cl\/wp-content\/uploads\/2026\/04\/10.png\" alt=\"\" class=\"wp-image-3794\" srcset=\"https:\/\/www.chileunido.cl\/wp-content\/uploads\/2026\/04\/10.png 750w, https:\/\/www.chileunido.cl\/wp-content\/uploads\/2026\/04\/10-300x240.png 300w, https:\/\/www.chileunido.cl\/wp-content\/uploads\/2026\/04\/10-183x146.png 183w, https:\/\/www.chileunido.cl\/wp-content\/uploads\/2026\/04\/10-50x40.png 50w, https:\/\/www.chileunido.cl\/wp-content\/uploads\/2026\/04\/10-94x75.png 94w\" sizes=\"auto, (max-width: 750px) 100vw, 750px\" \/><figcaption class=\"wp-element-caption\">Agencia de Sostenibilidad Energ\u00e9tica <\/figcaption><\/figure>\n\n\n\n<figure class=\"wp-block-image size-large\"><img loading=\"lazy\" decoding=\"async\" width=\"750\" height=\"600\" data-id=\"3795\" src=\"https:\/\/www.chileunido.cl\/wp-content\/uploads\/2026\/04\/11-1.png\" alt=\"\" class=\"wp-image-3795\" srcset=\"https:\/\/www.chileunido.cl\/wp-content\/uploads\/2026\/04\/11-1.png 750w, https:\/\/www.chileunido.cl\/wp-content\/uploads\/2026\/04\/11-1-300x240.png 300w, https:\/\/www.chileunido.cl\/wp-content\/uploads\/2026\/04\/11-1-183x146.png 183w, https:\/\/www.chileunido.cl\/wp-content\/uploads\/2026\/04\/11-1-50x40.png 50w, https:\/\/www.chileunido.cl\/wp-content\/uploads\/2026\/04\/11-1-94x75.png 94w\" sizes=\"auto, (max-width: 750px) 100vw, 750px\" \/><figcaption class=\"wp-element-caption\">Arizt\u00eda<\/figcaption><\/figure>\n\n\n\n<figure class=\"wp-block-image size-large\"><img loading=\"lazy\" decoding=\"async\" width=\"750\" height=\"600\" data-id=\"3796\" src=\"https:\/\/www.chileunido.cl\/wp-content\/uploads\/2026\/04\/12-3.png\" alt=\"\" class=\"wp-image-3796\" srcset=\"https:\/\/www.chileunido.cl\/wp-content\/uploads\/2026\/04\/12-3.png 750w, https:\/\/www.chileunido.cl\/wp-content\/uploads\/2026\/04\/12-3-300x240.png 300w, https:\/\/www.chileunido.cl\/wp-content\/uploads\/2026\/04\/12-3-183x146.png 183w, https:\/\/www.chileunido.cl\/wp-content\/uploads\/2026\/04\/12-3-50x40.png 50w, https:\/\/www.chileunido.cl\/wp-content\/uploads\/2026\/04\/12-3-94x75.png 94w\" sizes=\"auto, (max-width: 750px) 100vw, 750px\" \/><figcaption class=\"wp-element-caption\">Bci Seguros<\/figcaption><\/figure>\n\n\n\n<figure class=\"wp-block-image size-large\"><img loading=\"lazy\" decoding=\"async\" width=\"750\" height=\"600\" data-id=\"3797\" src=\"https:\/\/www.chileunido.cl\/wp-content\/uploads\/2026\/04\/13.png\" alt=\"\" class=\"wp-image-3797\" srcset=\"https:\/\/www.chileunido.cl\/wp-content\/uploads\/2026\/04\/13.png 750w, https:\/\/www.chileunido.cl\/wp-content\/uploads\/2026\/04\/13-300x240.png 300w, https:\/\/www.chileunido.cl\/wp-content\/uploads\/2026\/04\/13-183x146.png 183w, https:\/\/www.chileunido.cl\/wp-content\/uploads\/2026\/04\/13-50x40.png 50w, https:\/\/www.chileunido.cl\/wp-content\/uploads\/2026\/04\/13-94x75.png 94w\" sizes=\"auto, (max-width: 750px) 100vw, 750px\" \/><figcaption class=\"wp-element-caption\">Cencosud Scotiabank Corporativo <\/figcaption><\/figure>\n\n\n\n<figure class=\"wp-block-image size-large\"><img loading=\"lazy\" decoding=\"async\" width=\"750\" height=\"600\" data-id=\"3798\" src=\"https:\/\/www.chileunido.cl\/wp-content\/uploads\/2026\/04\/14-2.png\" alt=\"\" class=\"wp-image-3798\" srcset=\"https:\/\/www.chileunido.cl\/wp-content\/uploads\/2026\/04\/14-2.png 750w, https:\/\/www.chileunido.cl\/wp-content\/uploads\/2026\/04\/14-2-300x240.png 300w, https:\/\/www.chileunido.cl\/wp-content\/uploads\/2026\/04\/14-2-183x146.png 183w, https:\/\/www.chileunido.cl\/wp-content\/uploads\/2026\/04\/14-2-50x40.png 50w, https:\/\/www.chileunido.cl\/wp-content\/uploads\/2026\/04\/14-2-94x75.png 94w\" sizes=\"auto, (max-width: 750px) 100vw, 750px\" \/><figcaption class=\"wp-element-caption\">C\u00e1mara Nacional de Comercio, Servicios y Turismo de Chile<\/figcaption><\/figure>\n\n\n\n<figure class=\"wp-block-image size-large\"><img loading=\"lazy\" decoding=\"async\" width=\"750\" height=\"600\" data-id=\"3799\" src=\"https:\/\/www.chileunido.cl\/wp-content\/uploads\/2026\/04\/15-1.png\" alt=\"\" class=\"wp-image-3799\" srcset=\"https:\/\/www.chileunido.cl\/wp-content\/uploads\/2026\/04\/15-1.png 750w, https:\/\/www.chileunido.cl\/wp-content\/uploads\/2026\/04\/15-1-300x240.png 300w, https:\/\/www.chileunido.cl\/wp-content\/uploads\/2026\/04\/15-1-183x146.png 183w, https:\/\/www.chileunido.cl\/wp-content\/uploads\/2026\/04\/15-1-50x40.png 50w, https:\/\/www.chileunido.cl\/wp-content\/uploads\/2026\/04\/15-1-94x75.png 94w\" sizes=\"auto, (max-width: 750px) 100vw, 750px\" \/><figcaption class=\"wp-element-caption\">Grupo Banco Estado <\/figcaption><\/figure>\n\n\n\n<figure class=\"wp-block-image size-large\"><img loading=\"lazy\" decoding=\"async\" width=\"750\" height=\"600\" data-id=\"3800\" src=\"https:\/\/www.chileunido.cl\/wp-content\/uploads\/2026\/04\/16-1.png\" alt=\"\" class=\"wp-image-3800\" srcset=\"https:\/\/www.chileunido.cl\/wp-content\/uploads\/2026\/04\/16-1.png 750w, https:\/\/www.chileunido.cl\/wp-content\/uploads\/2026\/04\/16-1-300x240.png 300w, https:\/\/www.chileunido.cl\/wp-content\/uploads\/2026\/04\/16-1-183x146.png 183w, https:\/\/www.chileunido.cl\/wp-content\/uploads\/2026\/04\/16-1-50x40.png 50w, https:\/\/www.chileunido.cl\/wp-content\/uploads\/2026\/04\/16-1-94x75.png 94w\" sizes=\"auto, (max-width: 750px) 100vw, 750px\" \/><figcaption class=\"wp-element-caption\">Grupo Guante \u2013 Gacel <\/figcaption><\/figure>\n\n\n\n<figure class=\"wp-block-image size-large\"><img loading=\"lazy\" decoding=\"async\" width=\"750\" height=\"600\" data-id=\"3801\" src=\"https:\/\/www.chileunido.cl\/wp-content\/uploads\/2026\/04\/17-1.png\" alt=\"\" class=\"wp-image-3801\" srcset=\"https:\/\/www.chileunido.cl\/wp-content\/uploads\/2026\/04\/17-1.png 750w, https:\/\/www.chileunido.cl\/wp-content\/uploads\/2026\/04\/17-1-300x240.png 300w, https:\/\/www.chileunido.cl\/wp-content\/uploads\/2026\/04\/17-1-183x146.png 183w, https:\/\/www.chileunido.cl\/wp-content\/uploads\/2026\/04\/17-1-50x40.png 50w, https:\/\/www.chileunido.cl\/wp-content\/uploads\/2026\/04\/17-1-94x75.png 94w\" sizes=\"auto, (max-width: 750px) 100vw, 750px\" \/><figcaption class=\"wp-element-caption\">Grupo Enovus<\/figcaption><\/figure>\n\n\n\n<figure class=\"wp-block-image size-large\"><img loading=\"lazy\" decoding=\"async\" width=\"750\" height=\"600\" data-id=\"3802\" src=\"https:\/\/www.chileunido.cl\/wp-content\/uploads\/2026\/04\/18-1.png\" alt=\"\" class=\"wp-image-3802\" srcset=\"https:\/\/www.chileunido.cl\/wp-content\/uploads\/2026\/04\/18-1.png 750w, https:\/\/www.chileunido.cl\/wp-content\/uploads\/2026\/04\/18-1-300x240.png 300w, https:\/\/www.chileunido.cl\/wp-content\/uploads\/2026\/04\/18-1-183x146.png 183w, https:\/\/www.chileunido.cl\/wp-content\/uploads\/2026\/04\/18-1-50x40.png 50w, https:\/\/www.chileunido.cl\/wp-content\/uploads\/2026\/04\/18-1-94x75.png 94w\" sizes=\"auto, (max-width: 750px) 100vw, 750px\" \/><figcaption class=\"wp-element-caption\">Gtd<\/figcaption><\/figure>\n\n\n\n<figure class=\"wp-block-image size-large\"><img loading=\"lazy\" decoding=\"async\" width=\"750\" height=\"600\" data-id=\"3803\" src=\"https:\/\/www.chileunido.cl\/wp-content\/uploads\/2026\/04\/19-1.png\" alt=\"\" class=\"wp-image-3803\" srcset=\"https:\/\/www.chileunido.cl\/wp-content\/uploads\/2026\/04\/19-1.png 750w, https:\/\/www.chileunido.cl\/wp-content\/uploads\/2026\/04\/19-1-300x240.png 300w, https:\/\/www.chileunido.cl\/wp-content\/uploads\/2026\/04\/19-1-183x146.png 183w, https:\/\/www.chileunido.cl\/wp-content\/uploads\/2026\/04\/19-1-50x40.png 50w, https:\/\/www.chileunido.cl\/wp-content\/uploads\/2026\/04\/19-1-94x75.png 94w\" sizes=\"auto, (max-width: 750px) 100vw, 750px\" \/><figcaption class=\"wp-element-caption\">Guacolda Energ\u00eda <\/figcaption><\/figure>\n\n\n\n<figure class=\"wp-block-image size-large\"><img loading=\"lazy\" decoding=\"async\" width=\"750\" height=\"600\" data-id=\"3804\" src=\"https:\/\/www.chileunido.cl\/wp-content\/uploads\/2026\/04\/20-1.png\" alt=\"\" class=\"wp-image-3804\" srcset=\"https:\/\/www.chileunido.cl\/wp-content\/uploads\/2026\/04\/20-1.png 750w, https:\/\/www.chileunido.cl\/wp-content\/uploads\/2026\/04\/20-1-300x240.png 300w, https:\/\/www.chileunido.cl\/wp-content\/uploads\/2026\/04\/20-1-183x146.png 183w, https:\/\/www.chileunido.cl\/wp-content\/uploads\/2026\/04\/20-1-50x40.png 50w, https:\/\/www.chileunido.cl\/wp-content\/uploads\/2026\/04\/20-1-94x75.png 94w\" sizes=\"auto, (max-width: 750px) 100vw, 750px\" \/><figcaption class=\"wp-element-caption\">ISALUD Isapre de Codelco <\/figcaption><\/figure>\n\n\n\n<figure class=\"wp-block-image size-large\"><img loading=\"lazy\" decoding=\"async\" width=\"750\" height=\"600\" data-id=\"3805\" src=\"https:\/\/www.chileunido.cl\/wp-content\/uploads\/2026\/04\/21-1.png\" alt=\"\" class=\"wp-image-3805\" srcset=\"https:\/\/www.chileunido.cl\/wp-content\/uploads\/2026\/04\/21-1.png 750w, https:\/\/www.chileunido.cl\/wp-content\/uploads\/2026\/04\/21-1-300x240.png 300w, https:\/\/www.chileunido.cl\/wp-content\/uploads\/2026\/04\/21-1-183x146.png 183w, https:\/\/www.chileunido.cl\/wp-content\/uploads\/2026\/04\/21-1-50x40.png 50w, https:\/\/www.chileunido.cl\/wp-content\/uploads\/2026\/04\/21-1-94x75.png 94w\" sizes=\"auto, (max-width: 750px) 100vw, 750px\" \/><figcaption class=\"wp-element-caption\">Laboratorio Bag\u00f3 de Chile S.A. <\/figcaption><\/figure>\n\n\n\n<figure class=\"wp-block-image size-large\"><img loading=\"lazy\" decoding=\"async\" width=\"750\" height=\"600\" data-id=\"3806\" src=\"https:\/\/www.chileunido.cl\/wp-content\/uploads\/2026\/04\/22.png\" alt=\"\" class=\"wp-image-3806\" srcset=\"https:\/\/www.chileunido.cl\/wp-content\/uploads\/2026\/04\/22.png 750w, https:\/\/www.chileunido.cl\/wp-content\/uploads\/2026\/04\/22-300x240.png 300w, https:\/\/www.chileunido.cl\/wp-content\/uploads\/2026\/04\/22-183x146.png 183w, https:\/\/www.chileunido.cl\/wp-content\/uploads\/2026\/04\/22-50x40.png 50w, https:\/\/www.chileunido.cl\/wp-content\/uploads\/2026\/04\/22-94x75.png 94w\" sizes=\"auto, (max-width: 750px) 100vw, 750px\" \/><figcaption class=\"wp-element-caption\">Lipigas <\/figcaption><\/figure>\n\n\n\n<figure class=\"wp-block-image size-large\"><img loading=\"lazy\" decoding=\"async\" width=\"750\" height=\"600\" data-id=\"3807\" src=\"https:\/\/www.chileunido.cl\/wp-content\/uploads\/2026\/04\/23.png\" alt=\"\" class=\"wp-image-3807\" srcset=\"https:\/\/www.chileunido.cl\/wp-content\/uploads\/2026\/04\/23.png 750w, https:\/\/www.chileunido.cl\/wp-content\/uploads\/2026\/04\/23-300x240.png 300w, https:\/\/www.chileunido.cl\/wp-content\/uploads\/2026\/04\/23-183x146.png 183w, https:\/\/www.chileunido.cl\/wp-content\/uploads\/2026\/04\/23-50x40.png 50w, https:\/\/www.chileunido.cl\/wp-content\/uploads\/2026\/04\/23-94x75.png 94w\" sizes=\"auto, (max-width: 750px) 100vw, 750px\" \/><figcaption class=\"wp-element-caption\">Los H\u00e9roes Caja de Compensaci\u00f3n <\/figcaption><\/figure>\n\n\n\n<figure class=\"wp-block-image size-large\"><img loading=\"lazy\" decoding=\"async\" width=\"750\" height=\"600\" data-id=\"3808\" src=\"https:\/\/www.chileunido.cl\/wp-content\/uploads\/2026\/04\/24.png\" alt=\"\" class=\"wp-image-3808\" srcset=\"https:\/\/www.chileunido.cl\/wp-content\/uploads\/2026\/04\/24.png 750w, https:\/\/www.chileunido.cl\/wp-content\/uploads\/2026\/04\/24-300x240.png 300w, https:\/\/www.chileunido.cl\/wp-content\/uploads\/2026\/04\/24-183x146.png 183w, https:\/\/www.chileunido.cl\/wp-content\/uploads\/2026\/04\/24-50x40.png 50w, https:\/\/www.chileunido.cl\/wp-content\/uploads\/2026\/04\/24-94x75.png 94w\" sizes=\"auto, (max-width: 750px) 100vw, 750px\" \/><figcaption class=\"wp-element-caption\">NYK Sudamerica (Chile) Ltda. <\/figcaption><\/figure>\n\n\n\n<figure class=\"wp-block-image size-large\"><img loading=\"lazy\" decoding=\"async\" width=\"750\" height=\"600\" data-id=\"3809\" src=\"https:\/\/www.chileunido.cl\/wp-content\/uploads\/2026\/04\/25.png\" alt=\"\" class=\"wp-image-3809\" srcset=\"https:\/\/www.chileunido.cl\/wp-content\/uploads\/2026\/04\/25.png 750w, https:\/\/www.chileunido.cl\/wp-content\/uploads\/2026\/04\/25-300x240.png 300w, https:\/\/www.chileunido.cl\/wp-content\/uploads\/2026\/04\/25-183x146.png 183w, https:\/\/www.chileunido.cl\/wp-content\/uploads\/2026\/04\/25-50x40.png 50w, https:\/\/www.chileunido.cl\/wp-content\/uploads\/2026\/04\/25-94x75.png 94w\" sizes=\"auto, (max-width: 750px) 100vw, 750px\" \/><figcaption class=\"wp-element-caption\">OCG Chile <\/figcaption><\/figure>\n\n\n\n<figure class=\"wp-block-image size-large\"><img loading=\"lazy\" decoding=\"async\" width=\"750\" height=\"600\" data-id=\"3810\" src=\"https:\/\/www.chileunido.cl\/wp-content\/uploads\/2026\/04\/26.png\" alt=\"\" class=\"wp-image-3810\" srcset=\"https:\/\/www.chileunido.cl\/wp-content\/uploads\/2026\/04\/26.png 750w, https:\/\/www.chileunido.cl\/wp-content\/uploads\/2026\/04\/26-300x240.png 300w, https:\/\/www.chileunido.cl\/wp-content\/uploads\/2026\/04\/26-183x146.png 183w, https:\/\/www.chileunido.cl\/wp-content\/uploads\/2026\/04\/26-50x40.png 50w, https:\/\/www.chileunido.cl\/wp-content\/uploads\/2026\/04\/26-94x75.png 94w\" sizes=\"auto, (max-width: 750px) 100vw, 750px\" \/><figcaption class=\"wp-element-caption\">Universidad Cat\u00f3lica De La Sant\u00edsima Concepci\u00f3n <\/figcaption><\/figure>\n\n\n\n<figure class=\"wp-block-image size-large\"><img loading=\"lazy\" decoding=\"async\" width=\"750\" height=\"600\" data-id=\"3811\" src=\"https:\/\/www.chileunido.cl\/wp-content\/uploads\/2026\/04\/27.png\" alt=\"\" class=\"wp-image-3811\" srcset=\"https:\/\/www.chileunido.cl\/wp-content\/uploads\/2026\/04\/27.png 750w, https:\/\/www.chileunido.cl\/wp-content\/uploads\/2026\/04\/27-300x240.png 300w, https:\/\/www.chileunido.cl\/wp-content\/uploads\/2026\/04\/27-183x146.png 183w, https:\/\/www.chileunido.cl\/wp-content\/uploads\/2026\/04\/27-50x40.png 50w, https:\/\/www.chileunido.cl\/wp-content\/uploads\/2026\/04\/27-94x75.png 94w\" sizes=\"auto, (max-width: 750px) 100vw, 750px\" \/><figcaption class=\"wp-element-caption\">Ipsos Chile <\/figcaption><\/figure>\n\n\n\n<figure class=\"wp-block-image size-large\"><img loading=\"lazy\" decoding=\"async\" width=\"750\" height=\"600\" data-id=\"3812\" src=\"https:\/\/www.chileunido.cl\/wp-content\/uploads\/2026\/04\/28.png\" alt=\"\" class=\"wp-image-3812\" srcset=\"https:\/\/www.chileunido.cl\/wp-content\/uploads\/2026\/04\/28.png 750w, https:\/\/www.chileunido.cl\/wp-content\/uploads\/2026\/04\/28-300x240.png 300w, https:\/\/www.chileunido.cl\/wp-content\/uploads\/2026\/04\/28-183x146.png 183w, https:\/\/www.chileunido.cl\/wp-content\/uploads\/2026\/04\/28-50x40.png 50w, https:\/\/www.chileunido.cl\/wp-content\/uploads\/2026\/04\/28-94x75.png 94w\" sizes=\"auto, (max-width: 750px) 100vw, 750px\" \/><figcaption class=\"wp-element-caption\">ABB <\/figcaption><\/figure>\n\n\n\n<figure class=\"wp-block-image size-large\"><img loading=\"lazy\" decoding=\"async\" width=\"750\" height=\"600\" data-id=\"3813\" src=\"https:\/\/www.chileunido.cl\/wp-content\/uploads\/2026\/04\/29.png\" alt=\"\" class=\"wp-image-3813\" srcset=\"https:\/\/www.chileunido.cl\/wp-content\/uploads\/2026\/04\/29.png 750w, https:\/\/www.chileunido.cl\/wp-content\/uploads\/2026\/04\/29-300x240.png 300w, https:\/\/www.chileunido.cl\/wp-content\/uploads\/2026\/04\/29-183x146.png 183w, https:\/\/www.chileunido.cl\/wp-content\/uploads\/2026\/04\/29-50x40.png 50w, https:\/\/www.chileunido.cl\/wp-content\/uploads\/2026\/04\/29-94x75.png 94w\" sizes=\"auto, (max-width: 750px) 100vw, 750px\" \/><figcaption class=\"wp-element-caption\">Pacific Hydro Chile <\/figcaption><\/figure>\n\n\n\n<figure class=\"wp-block-image size-large\"><img loading=\"lazy\" decoding=\"async\" width=\"750\" height=\"600\" data-id=\"3814\" src=\"https:\/\/www.chileunido.cl\/wp-content\/uploads\/2026\/04\/30.png\" alt=\"\" class=\"wp-image-3814\" srcset=\"https:\/\/www.chileunido.cl\/wp-content\/uploads\/2026\/04\/30.png 750w, https:\/\/www.chileunido.cl\/wp-content\/uploads\/2026\/04\/30-300x240.png 300w, https:\/\/www.chileunido.cl\/wp-content\/uploads\/2026\/04\/30-183x146.png 183w, https:\/\/www.chileunido.cl\/wp-content\/uploads\/2026\/04\/30-50x40.png 50w, https:\/\/www.chileunido.cl\/wp-content\/uploads\/2026\/04\/30-94x75.png 94w\" sizes=\"auto, (max-width: 750px) 100vw, 750px\" \/><figcaption class=\"wp-element-caption\">Universidad Alberto Hurtado <\/figcaption><\/figure>\n\n\n\n<figure class=\"wp-block-image size-large\"><img loading=\"lazy\" decoding=\"async\" width=\"750\" height=\"600\" data-id=\"3838\" src=\"https:\/\/www.chileunido.cl\/wp-content\/uploads\/2026\/04\/31.png\" alt=\"\" class=\"wp-image-3838\" srcset=\"https:\/\/www.chileunido.cl\/wp-content\/uploads\/2026\/04\/31.png 750w, https:\/\/www.chileunido.cl\/wp-content\/uploads\/2026\/04\/31-300x240.png 300w, https:\/\/www.chileunido.cl\/wp-content\/uploads\/2026\/04\/31-183x146.png 183w, https:\/\/www.chileunido.cl\/wp-content\/uploads\/2026\/04\/31-50x40.png 50w, https:\/\/www.chileunido.cl\/wp-content\/uploads\/2026\/04\/31-94x75.png 94w\" sizes=\"auto, (max-width: 750px) 100vw, 750px\" \/><figcaption class=\"wp-element-caption\">Statkraft Chile <\/figcaption><\/figure>\n\n\n\n<figure class=\"wp-block-image size-large\"><img loading=\"lazy\" decoding=\"async\" width=\"750\" height=\"600\" data-id=\"3839\" src=\"https:\/\/www.chileunido.cl\/wp-content\/uploads\/2026\/04\/32.png\" alt=\"\" class=\"wp-image-3839\" srcset=\"https:\/\/www.chileunido.cl\/wp-content\/uploads\/2026\/04\/32.png 750w, https:\/\/www.chileunido.cl\/wp-content\/uploads\/2026\/04\/32-300x240.png 300w, https:\/\/www.chileunido.cl\/wp-content\/uploads\/2026\/04\/32-183x146.png 183w, https:\/\/www.chileunido.cl\/wp-content\/uploads\/2026\/04\/32-50x40.png 50w, https:\/\/www.chileunido.cl\/wp-content\/uploads\/2026\/04\/32-94x75.png 94w\" sizes=\"auto, (max-width: 750px) 100vw, 750px\" \/><figcaption class=\"wp-element-caption\">Scotiabank <\/figcaption><\/figure>\n\n\n\n<figure class=\"wp-block-image size-large\"><img loading=\"lazy\" decoding=\"async\" width=\"750\" height=\"600\" data-id=\"3840\" src=\"https:\/\/www.chileunido.cl\/wp-content\/uploads\/2026\/04\/33.png\" alt=\"\" class=\"wp-image-3840\" srcset=\"https:\/\/www.chileunido.cl\/wp-content\/uploads\/2026\/04\/33.png 750w, https:\/\/www.chileunido.cl\/wp-content\/uploads\/2026\/04\/33-300x240.png 300w, https:\/\/www.chileunido.cl\/wp-content\/uploads\/2026\/04\/33-183x146.png 183w, https:\/\/www.chileunido.cl\/wp-content\/uploads\/2026\/04\/33-50x40.png 50w, https:\/\/www.chileunido.cl\/wp-content\/uploads\/2026\/04\/33-94x75.png 94w\" sizes=\"auto, (max-width: 750px) 100vw, 750px\" \/><figcaption class=\"wp-element-caption\">Metro de Santiago S.A. <\/figcaption><\/figure>\n\n\n\n<figure class=\"wp-block-image size-large\"><img loading=\"lazy\" decoding=\"async\" width=\"750\" height=\"600\" data-id=\"3841\" src=\"https:\/\/www.chileunido.cl\/wp-content\/uploads\/2026\/04\/34.png\" alt=\"\" class=\"wp-image-3841\" srcset=\"https:\/\/www.chileunido.cl\/wp-content\/uploads\/2026\/04\/34.png 750w, https:\/\/www.chileunido.cl\/wp-content\/uploads\/2026\/04\/34-300x240.png 300w, https:\/\/www.chileunido.cl\/wp-content\/uploads\/2026\/04\/34-183x146.png 183w, https:\/\/www.chileunido.cl\/wp-content\/uploads\/2026\/04\/34-50x40.png 50w, https:\/\/www.chileunido.cl\/wp-content\/uploads\/2026\/04\/34-94x75.png 94w\" sizes=\"auto, (max-width: 750px) 100vw, 750px\" \/><figcaption class=\"wp-element-caption\">Heriberto Urz\u00faa, junto a Rosario Navarro, Ignacio Yarur (Bci) y Jaime Bellolio <\/figcaption><\/figure>\n\n\n\n<figure class=\"wp-block-image size-large\"><img loading=\"lazy\" decoding=\"async\" width=\"750\" height=\"600\" data-id=\"3842\" src=\"https:\/\/www.chileunido.cl\/wp-content\/uploads\/2026\/04\/35.png\" alt=\"\" class=\"wp-image-3842\" srcset=\"https:\/\/www.chileunido.cl\/wp-content\/uploads\/2026\/04\/35.png 750w, https:\/\/www.chileunido.cl\/wp-content\/uploads\/2026\/04\/35-300x240.png 300w, https:\/\/www.chileunido.cl\/wp-content\/uploads\/2026\/04\/35-183x146.png 183w, https:\/\/www.chileunido.cl\/wp-content\/uploads\/2026\/04\/35-50x40.png 50w, https:\/\/www.chileunido.cl\/wp-content\/uploads\/2026\/04\/35-94x75.png 94w\" sizes=\"auto, (max-width: 750px) 100vw, 750px\" \/><figcaption class=\"wp-element-caption\">Cristi\u00e1n e Isabel Edwards, junto a Catalina Delpiano y Jaime Bellolio, de Fundaci\u00f3n Chile Unido<\/figcaption><\/figure>\n\n\n\n<figure class=\"wp-block-image size-large\"><img loading=\"lazy\" decoding=\"async\" width=\"750\" height=\"600\" data-id=\"3843\" src=\"https:\/\/www.chileunido.cl\/wp-content\/uploads\/2026\/04\/36.png\" alt=\"\" class=\"wp-image-3843\" srcset=\"https:\/\/www.chileunido.cl\/wp-content\/uploads\/2026\/04\/36.png 750w, https:\/\/www.chileunido.cl\/wp-content\/uploads\/2026\/04\/36-300x240.png 300w, https:\/\/www.chileunido.cl\/wp-content\/uploads\/2026\/04\/36-183x146.png 183w, https:\/\/www.chileunido.cl\/wp-content\/uploads\/2026\/04\/36-50x40.png 50w, https:\/\/www.chileunido.cl\/wp-content\/uploads\/2026\/04\/36-94x75.png 94w\" sizes=\"auto, (max-width: 750px) 100vw, 750px\" \/><figcaption class=\"wp-element-caption\">Isabel Edwards y Mart\u00edn Subercaseaux <\/figcaption><\/figure>\n\n\n\n<figure class=\"wp-block-image size-large\"><img loading=\"lazy\" decoding=\"async\" width=\"750\" height=\"600\" data-id=\"3844\" src=\"https:\/\/www.chileunido.cl\/wp-content\/uploads\/2026\/04\/37.png\" alt=\"\" class=\"wp-image-3844\" srcset=\"https:\/\/www.chileunido.cl\/wp-content\/uploads\/2026\/04\/37.png 750w, https:\/\/www.chileunido.cl\/wp-content\/uploads\/2026\/04\/37-300x240.png 300w, https:\/\/www.chileunido.cl\/wp-content\/uploads\/2026\/04\/37-183x146.png 183w, https:\/\/www.chileunido.cl\/wp-content\/uploads\/2026\/04\/37-50x40.png 50w, https:\/\/www.chileunido.cl\/wp-content\/uploads\/2026\/04\/37-94x75.png 94w\" sizes=\"auto, (max-width: 750px) 100vw, 750px\" \/><figcaption class=\"wp-element-caption\">Ignacio Yarur (Bci), Jos\u00e9 Pakomio (CNC) y Heriberto Urz\u00faa <\/figcaption><\/figure>\n<\/figure>\n\n\n\n<p><\/p>\n","protected":false},"excerpt":{"rendered":"<p>Fundaci\u00f3n Chile Unido y El Mercurio celebraron una nueva versi\u00f3n de la premiaci\u00f3n de las&nbsp;\u201cMejores Organizaciones para Integrar Vida Personal<span class=\"excerpt-hellip\"> [\u2026]<\/span><\/p>\n","protected":false},"author":14,"featured_media":3776,"comment_status":"open","ping_status":"open","sticky":false,"template":"","format":"standard","meta":{"footnotes":""},"categories":[4],"tags":[7,42,74,155],"class_list":["post-3775","post","type-post","status-publish","format-standard","has-post-thumbnail","hentry","category-noticias","tag-buenas-practicas-laborales","tag-conciliacion-familia-y-trabajo","tag-mejoresorganizaciones","tag-vanguardia"],"_links":{"self":[{"href":"https:\/\/www.chileunido.cl\/index.php?rest_route=\/wp\/v2\/posts\/3775","targetHints":{"allow":["GET"]}}],"collection":[{"href":"https:\/\/www.chileunido.cl\/index.php?rest_route=\/wp\/v2\/posts"}],"about":[{"href":"https:\/\/www.chileunido.cl\/index.php?rest_route=\/wp\/v2\/types\/post"}],"author":[{"embeddable":true,"href":"https:\/\/www.chileunido.cl\/index.php?rest_route=\/wp\/v2\/users\/14"}],"replies":[{"embeddable":true,"href":"https:\/\/www.chileunido.cl\/index.php?rest_route=%2Fwp%2Fv2%2Fcomments&post=3775"}],"version-history":[{"count":9,"href":"https:\/\/www.chileunido.cl\/index.php?rest_route=\/wp\/v2\/posts\/3775\/revisions"}],"predecessor-version":[{"id":3851,"href":"https:\/\/www.chileunido.cl\/index.php?rest_route=\/wp\/v2\/posts\/3775\/revisions\/3851"}],"wp:featuredmedia":[{"embeddable":true,"href":"https:\/\/www.chileunido.cl\/index.php?rest_route=\/wp\/v2\/media\/3776"}],"wp:attachment":[{"href":"https:\/\/www.chileunido.cl\/index.php?rest_route=%2Fwp%2Fv2%2Fmedia&parent=3775"}],"wp:term":[{"taxonomy":"category","embeddable":true,"href":"https:\/\/www.chileunido.cl\/index.php?rest_route=%2Fwp%2Fv2%2Fcategories&post=3775"},{"taxonomy":"post_tag","embeddable":true,"href":"https:\/\/www.chileunido.cl\/index.php?rest_route=%2Fwp%2Fv2%2Ftags&post=3775"}],"curies":[{"name":"wp","href":"https:\/\/api.w.org\/{rel}","templated":true}]}}